{"id":217,"date":"2022-02-03T16:28:39","date_gmt":"2022-02-03T16:28:39","guid":{"rendered":"https:\/\/blog.oncology-expert.de\/?p=217"},"modified":"2022-02-03T16:35:41","modified_gmt":"2022-02-03T16:35:41","slug":"weltkrebstag-corona-und-krebs-kein-zusammenhang","status":"publish","type":"post","link":"https:\/\/blog.oncology-expert.de\/?p=217","title":{"rendered":"Weltkrebstag: Corona und Krebs &#8211; (k)ein Zusammenhang?"},"content":{"rendered":"\n<p>Am 4. Februar ist <a href=\"https:\/\/www.facebook.com\/hashtag\/weltkrebstag?__eep__=6&amp;__cft__[0]=AZVOI2CXlj4C9ncaucyMghvHa6swqSzwii58uGazgMKqL6YPh08KqciwcfVYzRmjdDU2tC7Mitn0QMtTsTZhxUIoaVhuorxDtPGJ7HtfK3dfonpfXL5hMNOtGRlnpQ_U4Og&amp;__tn__=*NK-R\">#Weltkrebstag<\/a>! Zeit einmal inne zu halten. Einmal zur\u00fcck zu schauen auf die Ver\u00e4nderung unter der Last der Corona Pandemie. Hat sich in der Krebsversorgung seither etwas ge\u00e4ndert?<\/p>\n\n\n\n<figure class=\"wp-block-image size-large is-resized\"><a href=\"https:\/\/blog.oncology-expert.de\/wp-content\/uploads\/2022\/02\/krankenhausbehandlung-krebsdiagnose.png\"><img loading=\"lazy\" decoding=\"async\" src=\"https:\/\/blog.oncology-expert.de\/wp-content\/uploads\/2022\/02\/krankenhausbehandlung-krebsdiagnose-1024x576.png\" alt=\"\" class=\"wp-image-219\" width=\"750\" height=\"421\" srcset=\"https:\/\/blog.oncology-expert.de\/wp-content\/uploads\/2022\/02\/krankenhausbehandlung-krebsdiagnose-1024x576.png 1024w, https:\/\/blog.oncology-expert.de\/wp-content\/uploads\/2022\/02\/krankenhausbehandlung-krebsdiagnose-300x169.png 300w, https:\/\/blog.oncology-expert.de\/wp-content\/uploads\/2022\/02\/krankenhausbehandlung-krebsdiagnose-768x432.png 768w, https:\/\/blog.oncology-expert.de\/wp-content\/uploads\/2022\/02\/krankenhausbehandlung-krebsdiagnose-1536x864.png 1536w, https:\/\/blog.oncology-expert.de\/wp-content\/uploads\/2022\/02\/krankenhausbehandlung-krebsdiagnose-676x380.png 676w, https:\/\/blog.oncology-expert.de\/wp-content\/uploads\/2022\/02\/krankenhausbehandlung-krebsdiagnose.png 2048w\" sizes=\"auto, (max-width: 750px) 100vw, 750px\" \/><\/a><figcaption><a href=\"https:\/\/www.destatis.de\/DE\/Presse\/Pressemitteilungen\/2022\/02\/PD22_N005_231.html\">6 % weniger station\u00e4re Krebsbehandlungen im Jahr 2020 &#8211; Statistisches Bundesamt (destatis.de)<\/a><\/figcaption><\/figure>\n\n\n\n<p>Was hat Corona denn mit Krebs zu tun? Eigentlich nichts &#8211; wenn es nicht darum gehen w\u00fcrde, dass auch Krebspatient*innen station\u00e4rer Behandlung bed\u00fcrfen. Zwar hat sich die Zahl der Krankenhausbehandlungen von Krebspatient*innen reduziert &#8211; bisher ist jedoch die Zahl der Todesf\u00e4lle konstant geblieben. Keiner wei\u00df genau, was die Zukunft bringen wird.<\/p>\n\n\n\n<!--more-->\n\n\n<style>.wp-block-kadence-advancedheading.kt-adv-heading_7e2e10-4f, .wp-block-kadence-advancedheading.kt-adv-heading_7e2e10-4f[data-kb-block=\"kb-adv-heading_7e2e10-4f\"]{text-align:center;font-style:normal;}.wp-block-kadence-advancedheading.kt-adv-heading_7e2e10-4f mark.kt-highlight, .wp-block-kadence-advancedheading.kt-adv-heading_7e2e10-4f[data-kb-block=\"kb-adv-heading_7e2e10-4f\"] mark.kt-highlight{font-style:normal;color:#f76a0c;-webkit-box-decoration-break:clone;box-decoration-break:clone;padding-top:0px;padding-right:0px;padding-bottom:0px;padding-left:0px;}.wp-block-kadence-advancedheading.kt-adv-heading_7e2e10-4f img.kb-inline-image, .wp-block-kadence-advancedheading.kt-adv-heading_7e2e10-4f[data-kb-block=\"kb-adv-heading_7e2e10-4f\"] img.kb-inline-image{width:150px;vertical-align:baseline;}<\/style>\n<h2 class=\"kt-adv-heading_7e2e10-4f wp-block-kadence-advancedheading\" data-kb-block=\"kb-adv-heading_7e2e10-4f\">Weniger station\u00e4re Behandlungen- nicht nur bei Krebs<\/h2>\n\n\n\n<p>Schon im ersten Corona-Jahr f\u00fchrten die hohe Auslastung der Krankenh\u00e4user durch COVID-19-Patient*innen , das Freihalten von Bettenkapazit\u00e4ten und versch\u00e4rfte Hygienekonzepte dazu, dass \u201eplanbare\u201c Behandlungen und Operationen verschoben wurden, schreibt das Statistische Bundesamt.  Zudem vermieden vermutlich viele Menschen Krankenhausaufenthalte, wenn sie diese nicht als unbedingt notwendig erachteten. Die deutlichsten R\u00fcckg\u00e4nge bei Behandlungen gab es in der Rheumatologie (-21,5&nbsp;%), der Hals-, Nasen-, Ohren-Heilkunde (-21,2&nbsp;%) und der P\u00e4diatrie\/Kinderheilkunde (-20,5&nbsp;%). Damit fiel der R\u00fcckgang deutlich h\u00f6her aus als bei Krebsbehandlungen.&nbsp;<\/p>\n\n\n\n<p>Die die station\u00e4ren Krebsbehandlungen im Krankenhaus im Jahr 2020 haben um 6% abgenommen im Vergleich zum Jahr 2019. Gem\u00e4\u00df Aussage des  Statistische Bundesamtes (Destatis) anl\u00e4sslich des Weltkrebstages , wurden 2020 knapp 1,45 Millionen an Krebs erkrankte Menschen im Krankenhaus versorgt, 2019 waren es noch 1,54 Millionen Menschen. Dennoch  sind sich die Krebstodesf\u00e4lle konstant geblieben: Insgesamt blieb <strong>die Zahl der an Krebs Verstorbenen mit 231 000 nahezu unver\u00e4ndert<\/strong>.  Auch wenn die Behandlungsm\u00f6glichkeiten und die Heilungschancen bei einer Krebserkrankung immer besser werden, blieb <strong>Krebs die h\u00e4ufigste Todesursache f\u00fcr Menschen im Alter von 40 bis unter 80 Jahren<\/strong>. 2020 war gut jeder dritte Todesfall in dieser Altersgruppe Folge einer Krebserkrankung (35 %). <\/p>\n\n\n\n<p>Krebs ist einer der vier h\u00e4ufigsten Gr\u00fcnde f\u00fcr einen Krankenhausaufenthalt: 9&nbsp;% aller station\u00e4ren Behandlungen im Jahr 2020 waren auf eine Krebserkrankung zur\u00fcckzuf\u00fchren. Hier die Liste der am h\u00e4ufigsten station\u00e4r behandelten Erkrankungen <a href=\"https:\/\/www.destatis.de\/DE\/Presse\/Pressemitteilungen\/2022\/02\/PD22_N005_231.html\">2020<\/a>:&nbsp;<\/p>\n\n\n\n<ul class=\"wp-block-list\"><li>16.% Krankheiten des Kreislaufsystems<\/li><li>11% Verletzungen, Vergiftungen und andere Folgen \u00e4u\u00dferer Ursachen<\/li><li>11% Krankheiten des Verdauungssystems<\/li><li>9%   Krebserkrankungen<\/li><li>9%   Muskel-, Skelett- und Bindegewebskrankheiten<\/li><li>6% Krankheiten des Atmungssystems<\/li><\/ul>\n\n\n<style>.wp-block-kadence-advancedheading.kt-adv-heading_b4004d-e3, .wp-block-kadence-advancedheading.kt-adv-heading_b4004d-e3[data-kb-block=\"kb-adv-heading_b4004d-e3\"]{text-align:center;font-style:normal;}.wp-block-kadence-advancedheading.kt-adv-heading_b4004d-e3 mark.kt-highlight, .wp-block-kadence-advancedheading.kt-adv-heading_b4004d-e3[data-kb-block=\"kb-adv-heading_b4004d-e3\"] mark.kt-highlight{font-style:normal;color:#f76a0c;-webkit-box-decoration-break:clone;box-decoration-break:clone;padding-top:0px;padding-right:0px;padding-bottom:0px;padding-left:0px;}.wp-block-kadence-advancedheading.kt-adv-heading_b4004d-e3 img.kb-inline-image, .wp-block-kadence-advancedheading.kt-adv-heading_b4004d-e3[data-kb-block=\"kb-adv-heading_b4004d-e3\"] img.kb-inline-image{width:150px;vertical-align:baseline;}<\/style>\n<h2 class=\"kt-adv-heading_b4004d-e3 wp-block-kadence-advancedheading\" data-kb-block=\"kb-adv-heading_b4004d-e3\">Wie wird sich die Krebssterblichkeit entwickeln?<\/h2>\n\n\n\n<p>Wie sich das Fortdauern der Pandemie, die Zur\u00fcckhaltung der Patient*innen bei Krankenhausbehandlungen und das Verschieben von station\u00e4ren Krebsoperationen und -behandlungen mittel- und langfristig auswirken werden,  ist derzeit nicht absch\u00e4tzbar. Wie sich das jedoch auf die n\u00e4chsten Jahre auswirkt &#8211; unbekannt. <\/p>\n\n\n\n<p>Die h\u00e4ufigste Todesursache in Deutschland bleiben die Krankheiten des Kreislaufsystems mit 34%. An Krebs versterben 23% der Menschen (trotz guter Behandlungsm\u00f6glichkeiten), w\u00e4hrend lediglich 4% der Sterbef\u00e4lle auf Corona zur\u00fcckzuf\u00fchren sind. Auch das sind Fakten.<\/p>\n\n\n\n<figure class=\"wp-block-image size-large\"><a href=\"https:\/\/blog.oncology-expert.de\/wp-content\/uploads\/2022\/02\/2020-todesursache.png\"><img loading=\"lazy\" decoding=\"async\" width=\"1024\" height=\"576\" src=\"https:\/\/blog.oncology-expert.de\/wp-content\/uploads\/2022\/02\/2020-todesursache-1024x576.png\" alt=\"\" class=\"wp-image-220\" srcset=\"https:\/\/blog.oncology-expert.de\/wp-content\/uploads\/2022\/02\/2020-todesursache-1024x576.png 1024w, https:\/\/blog.oncology-expert.de\/wp-content\/uploads\/2022\/02\/2020-todesursache-300x169.png 300w, https:\/\/blog.oncology-expert.de\/wp-content\/uploads\/2022\/02\/2020-todesursache-768x432.png 768w, https:\/\/blog.oncology-expert.de\/wp-content\/uploads\/2022\/02\/2020-todesursache-1536x864.png 1536w, https:\/\/blog.oncology-expert.de\/wp-content\/uploads\/2022\/02\/2020-todesursache-676x380.png 676w, https:\/\/blog.oncology-expert.de\/wp-content\/uploads\/2022\/02\/2020-todesursache.png 2048w\" sizes=\"auto, (max-width: 1024px) 100vw, 1024px\" \/><\/a><figcaption><a href=\"https:\/\/www.destatis.de\/DE\/Presse\/Pressemitteilungen\/2022\/02\/PD22_N005_231.html\">https:\/\/www.destatis.de\/DE\/Presse\/Pressemitteilungen\/2022\/02\/PD22_N005_231.html<\/a><\/figcaption><\/figure>\n\n\n\n<p> Dieser Weltkrebstag blickt \u00fcber den Tellerrand &#8211; weiteres hier: F\u00fcr eine gute Krebsversorgung \u00fcberall auf der Welt &#8211; und trotz Corona! <a href=\"https:\/\/www.facebook.com\/hashtag\/worldcancerday?__eep__=6&amp;__cft__[0]=AZVOI2CXlj4C9ncaucyMghvHa6swqSzwii58uGazgMKqL6YPh08KqciwcfVYzRmjdDU2tC7Mitn0QMtTsTZhxUIoaVhuorxDtPGJ7HtfK3dfonpfXL5hMNOtGRlnpQ_U4Og&amp;__tn__=*NK-R\">#worldcancerday<\/a><\/p>\n\n\n\n<figure class=\"wp-block-embed is-type-video is-provider-youtube wp-block-embed-youtube wp-embed-aspect-16-9 wp-has-aspect-ratio\"><div class=\"wp-block-embed__wrapper\">\n<iframe loading=\"lazy\" hcb-fetch-image-from=\"https:\/\/youtu.be\/0DrioNV4Irw\" title=\"World Cancer Day 2022 \u2013 Close the Care Gap \u2013 Hero video (with English subtitles)\" width=\"676\" height=\"380\" src=\"https:\/\/www.youtube.com\/embed\/0DrioNV4Irw?feature=oembed\" frameborder=\"0\" allow=\"accelerometer; autoplay; clipboard-write; encrypted-media; gyroscope; picture-in-picture\" allowfullscreen><\/iframe>\n<\/div><\/figure>\n","protected":false},"excerpt":{"rendered":"<p>Am 4. Februar ist #Weltkrebstag! Zeit einmal inne zu halten. Einmal zur\u00fcck zu schauen auf die Ver\u00e4nderung unter der Last der Corona Pandemie. Hat sich in der Krebsversorgung seither etwas [&hellip;]<\/p>\n","protected":false},"author":1,"featured_media":0,"comment_status":"closed","ping_status":"closed","sticky":false,"template":"","format":"standard","meta":{"_jetpack_memberships_contains_paid_content":false,"footnotes":""},"categories":[1],"tags":[21,26,28,27,24,25],"class_list":["post-217","post","type-post","status-publish","format-standard","hentry","category-uncategorized","tag-krebs","tag-krebsbehandlung","tag-krebstodesfalle","tag-krebststerbefalle","tag-weltkrebstag","tag-worldcancerday","post-preview"],"jetpack_featured_media_url":"","jetpack_sharing_enabled":true,"_links":{"self":[{"href":"https:\/\/blog.oncology-expert.de\/index.php?rest_route=\/wp\/v2\/posts\/217","targetHints":{"allow":["GET"]}}],"collection":[{"href":"https:\/\/blog.oncology-expert.de\/index.php?rest_route=\/wp\/v2\/posts"}],"about":[{"href":"https:\/\/blog.oncology-expert.de\/index.php?rest_route=\/wp\/v2\/types\/post"}],"author":[{"embeddable":true,"href":"https:\/\/blog.oncology-expert.de\/index.php?rest_route=\/wp\/v2\/users\/1"}],"replies":[{"embeddable":true,"href":"https:\/\/blog.oncology-expert.de\/index.php?rest_route=%2Fwp%2Fv2%2Fcomments&post=217"}],"version-history":[{"count":3,"href":"https:\/\/blog.oncology-expert.de\/index.php?rest_route=\/wp\/v2\/posts\/217\/revisions"}],"predecessor-version":[{"id":224,"href":"https:\/\/blog.oncology-expert.de\/index.php?rest_route=\/wp\/v2\/posts\/217\/revisions\/224"}],"wp:attachment":[{"href":"https:\/\/blog.oncology-expert.de\/index.php?rest_route=%2Fwp%2Fv2%2Fmedia&parent=217"}],"wp:term":[{"taxonomy":"category","embeddable":true,"href":"https:\/\/blog.oncology-expert.de\/index.php?rest_route=%2Fwp%2Fv2%2Fcategories&post=217"},{"taxonomy":"post_tag","embeddable":true,"href":"https:\/\/blog.oncology-expert.de\/index.php?rest_route=%2Fwp%2Fv2%2Ftags&post=217"}],"curies":[{"name":"wp","href":"https:\/\/api.w.org\/{rel}","templated":true}]}}