{"id":11,"date":"2013-05-11T20:16:52","date_gmt":"2013-05-11T20:16:52","guid":{"rendered":"http:\/\/blog.oncology-expert.de\/?p=11"},"modified":"2013-05-12T12:06:57","modified_gmt":"2013-05-12T12:06:57","slug":"19-jahrestagung-der-degro-2013-in-berlin","status":"publish","type":"post","link":"https:\/\/blog.oncology-expert.de\/?p=11","title":{"rendered":"19. Jahrestagung der DEGRO 2013 in Berlin"},"content":{"rendered":"<p><a href=\"https:\/\/blog.oncology-expert.de\/wp-content\/uploads\/2013\/05\/degro2013lb_final1.png\"><img loading=\"lazy\" decoding=\"async\" class=\"aligncenter size-full wp-image-13\" alt=\"degro2013lb_final1\" src=\"https:\/\/blog.oncology-expert.de\/wp-content\/uploads\/2013\/05\/degro2013lb_final1.png\" width=\"530\" height=\"245\" srcset=\"https:\/\/blog.oncology-expert.de\/wp-content\/uploads\/2013\/05\/degro2013lb_final1.png 530w, https:\/\/blog.oncology-expert.de\/wp-content\/uploads\/2013\/05\/degro2013lb_final1-300x138.png 300w\" sizes=\"auto, (max-width: 530px) 100vw, 530px\" \/><\/a><\/p>\n<p>&nbsp;<\/p>\n<p>&nbsp;<\/p>\n<p>&nbsp;<\/p>\n<p>&nbsp;<\/p>\n<p>19. Tagung der Deutschen Gesellschaft f\u00fcr Radioonkologie (DEGRO)-\u00a0 Radioonkologie im Wandel<\/p>\n<p>&nbsp;<\/p>\n<p>Berlin, den 12. Mai 2013<\/p>\n<p>&nbsp;<\/p>\n<p>Um heute die Therapien der Zukunft zu diskutieren, tagen vom 9. bis zum 12. Mai ca. 1.100 Mitglieder der DEGRO (Deutsche Gesellschaft f\u00fcr Strahlentherapie) in Berlin. Zu der Patientenveranstaltung \u201eStrahlen f\u00fcr das Leben\u201c am Sonntag sind Interessierte herzlich eingeladen.<\/p>\n<p>&nbsp;<\/p>\n<p>W\u00e4hrend viele Berliner den Feiertag zu Ausfl\u00fcgen mit Ihren Familien nutzten, begann am\u00a0 Donnerstag die 19. Tagung der Deutschen Gesellschaft f\u00fcr Radioonkologie in Berlin, die noch bis Sonntag andauert. Unter dem Motto \u201eRadioonkologie im Wandel\u201c haben sich ca. 1100 Mitglieder versammelt. Es sind Strahlenbiologen, Medizinphysiker und Strahlentherapeuten, die interdisziplin\u00e4ren Teams, die \u00fcber Innovationen in diesem interdisziplin\u00e4ren Fachgebiet diskutieren und sich \u00fcber neueste Studienergebnisse auszutauschen. Damit die Behandlung noch weiter fokussiert und lokalisiert werden kann- gezielter f\u00fcr mehr Wirkung und weniger Nebenwirkungen.<\/p>\n<p>&nbsp;<\/p>\n<p>Radioonkologie \u00a0stellt neben der medikament\u00f6sen Therapie und der Operation, eine der drei S\u00e4ulen der Krebstherapie dar. Aufgrund der heute m\u00f6glichen, pr\u00e4zisen, \u00f6rtlich begrenzten Bestrahlung, ist sie neben der Operation eine wirksame lokale Krebsbehandlung.<\/p>\n<p>&nbsp;<\/p>\n<p>Neu auf dem aktuellen Kongress sind die t\u00e4glichen &#8220;Highlights of the Day&#8221; Sessions &#8211; in Anlehnung an die gleichnamigen Sitzungen auf der Jahrestagung ASCO (Tagung der American Society of Clinical Oncology)- auf denen die wichtigsten Vortr\u00e4ge und Poster des Vortages kurz und \u00fcbersichtlich -zusammengefasst werden. Ebenfalls neu auf diesem Kongress war die sog. &#8220;Presidential Address&#8221; am Samstag, auf der ausgew\u00e4hlte, teilweise noch nicht publizierte\u00a0 Studienerbegnisse vorgestellt wurden.<\/p>\n<p>&nbsp;<\/p>\n<div>\n<h1>1\u00a0\u00a0\u00a0\u00a0 Presidential Address und andere Vortr\u00e4ge\u2013 Stellenwert der Strahlentherapie belegt<\/h1>\n<\/div>\n<p>&nbsp;<\/p>\n<p>Auf der &#8220;Presidential Address&#8221; wurden Daten zum Stellenwert von Bestrahlung u.a. bei HNO- Tumoren\u00a0 ( Budach et al.); beim Glioblastom (Combs et al.), beim Prostatakarzinom (Wiegel et al.), beim aggresiven Non-Hodgkin- Lymphom (Ruebe et al.) und beim Rektumkarzinom (Roedel. Et al.) dargestellt. Die entsprechenden Abstracts finden sich im\u00a0 Abstractband zum DEGRO \u2013Kongress in Strahlentherapie und Onkologie, Band 189, Sondernr.1, Mai 2103. Es ging dabei u.a.<\/p>\n<p>&nbsp;<\/p>\n<ol>\n<li>Combs et al.: Cetuximab plus Temozolamide as Chemoradiotherapy for primary Glioblastoma: Final Results of GERT-trial\n<ol>\n<li>Studiendesign publiziert in<a href=\"http:\/\/www.ncbi.nlm.nih.gov\/pmc\/articles\/PMC1524973\/pdf\/1471-2407-6-133.pdf\"> BioMed Central Cancer<\/a>, 2006<\/li>\n<li>Die Endergebnisse wurden von Frau Prof. Combs aus Heidelberg vorgestellt. Generell sind Glioblastome schlecht behandelbar. Standardtherapie ist Bestrahlung und die Gabe von Temozolamid.<\/li>\n<li>In der GERT-Studie konnte die Sicherheit der trimodalen Therapie mit Strahlentherapie + Temozolamid+ Cetuximab gezeigt werden.<\/li>\n<li>Das Gesamt\u00fcberleben ist sehr gut; ein retrospektiver Vergleich mit dem Therapiestandard (Strahlentherapie + Temozolamiv) zeigt einen Behandlungsvorteil.<\/li>\n<li>Weitere Untersuchungen in einem randomisierten Setting werden folgen.<\/li>\n<li>C.R\u00f6del et al.: Pr\u00e4operative Radiochemotherapie und postopterative\u00a0 Chemotherapien mit 5-FU plus Oxaliplatin versus 5-FU allein beim Rektumkarzinom UICC II und III (CAO\/ARO\/AIO-04)\n<ol>\n<li>Studie der German Rectal Cancer Study Group- weitere Informationen zur Studie finden Sie <a href=\"http:\/\/www.ncbi.nlm.nih.gov\/pubmed\/22627104\">hier<\/a><\/li>\n<li>\u00a0Zur Evaluation des prim\u00e4ren Endpunktes ist ein l\u00e4ngeres Follow-up notwendig (3 Jahre Krankheitsfreies \u00dcberleben) vorraussichtlich 2014.<\/li>\n<li>C. R\u00fcbe et al.. Strahlentherapie des aggressiven Non-Hodgkin-Lymphoms: Aktuelle Ergebnisse..\n<ol>\n<li>Studie der Deutschen Studiengruppe hochmaligne Non-Hodgkin-Lymphome (DSHNHL).<\/li>\n<li>T.Wiegel et al.: \u201e10-Jahres-Ergebnisse der Phase III Studie zur adjuvanten Radiatio des Prostatakarzinoms.\u201c Herr Prof. Wiegel war in Deutschland der Studie, deren Ergebnisse k\u00fcrzlich im New England Journal of Medicine ver\u00f6ffentlicht wurde <a href=\"http:\/\/www.nejm.org\/doi\/full\/10.1056\/NEJMoa1209978\">(Resnick et al.,NEJM Jan. 2013: 368 (5): 436- 45)<\/a>. Auf der Pressekonferenz und auch in anderen Veranstaltungen wurde das Thema \u201eProstatakrebs: Strahlentherapie oder Operation?\u201c diskutiert. Nach Ansicht der DEGRO sollte die Lebensqualit\u00e4t bei der Therapiewahl ber\u00fccksichtigt werden. Prof. T. Wiegel aus Ulm konnte in einer Studie zeigen, dass Patienten nach der Strahlentherapie \/Prostatabestrahlung eine bessere Lebensqualit\u00e4t hatten, als nach operativen Entfernung der Prostata. Nach der Operation leiden die Patienten h\u00e4ufig unter Harninkontinenz oder erektilen Dysfunktionen, dies ist nach der strahlentherapeutischen Entfernung der Prostata nicht der Fall. Da beide Therapieoptionen mit unterschiedlichen Nebenwirkungen einhergehen k\u00f6nnen, sollten die Therapieoptionen mit den Patienten detailliert besprochen werden. Eine Therapieentscheidung sollte dann gemeinsam mit dem Patienten getroffen werden.<\/li>\n<\/ol>\n<\/li>\n<\/ol>\n<\/li>\n<\/ol>\n<\/li>\n<\/ol>\n<p>&nbsp;<\/p>\n<div>\n<h1>2\u00a0\u00a0\u00a0\u00a0 Wie wird die Rolle der Strahlentherapie in der Zukunft aussehen?<\/h1>\n<\/div>\n<p>&nbsp;<\/p>\n<p>Wie Prof. W. Schlegel, Heidelberg, in seinem \u00dcbersichtsvortrag \u201cForschung und Entwicklung in der medizinischen Strahlenphysik\u201c\u00a0 am Freitag eindrucksvoll darstellte, hat sich in den letzten Jahrzehnten viel getan in der Strahlentherapie und die Entwicklung wird rasant weiter gehen. Deutschland ist hier &#8211;\u00a0 auch nach Konrad R\u00f6ntgen \u2013 weiterhin f\u00fchrend an neuen Entwicklungen beteiligt. F\u00fcr die Weiterentwicklung der Strahlentherapie sind au\u00dfer der Medizin viele weitere F\u00e4cher wichtig (s. Tab.1). Wer glaubte, dass z.B. \u201efuzzy logic\u201c abstrakt und anwendungsfern sind, wurde u.a. im Vortrag S5-5 von L. Brualla eines anderen gelehrt ( im Astractband zur Tagung s.o.)<\/p>\n<p>&nbsp;<\/p>\n<table border=\"1\" cellspacing=\"0\" cellpadding=\"0\">\n<tbody>\n<tr>\n<td valign=\"top\" width=\"390\"><b>Neue Technologien<\/b><\/td>\n<td valign=\"top\" width=\"390\"><b>Betroffene F\u00e4cher<\/b><\/td>\n<\/tr>\n<tr>\n<td valign=\"top\" width=\"390\"><b>IT<\/b><b>Mechatronik, Robotik, <\/b><b>Elektronik<\/b><\/td>\n<td valign=\"top\" width=\"390\">InformatikTechnik<\/td>\n<\/tr>\n<tr>\n<td valign=\"top\" width=\"390\"><b>Beschleuniger \u2013Physik, neue Bestrahlungstechniken (Protonen, Ionen), neue Detektoren<\/b><\/td>\n<td valign=\"top\" width=\"390\">Physik<\/td>\n<\/tr>\n<tr>\n<td valign=\"top\" width=\"390\"><b>Biomarker, Genomics\/ Theragnostik, High- throughput-Verfahren<\/b><\/td>\n<td valign=\"top\" width=\"390\">Biologie<\/td>\n<\/tr>\n<\/tbody>\n<\/table>\n<p>&nbsp;<\/p>\n<p>Tab.1: Weiterentwicklung der Strahlentherapie ist nicht nur eine medizinische Aufgabenstellung (nach einem Vortrag von Prof. W. Schlegel, Heidelberg, auf dem DEGRO 2013)<\/p>\n<p>&nbsp;<\/p>\n<p>So bleibt die Strahlentherapie auch weiterhin eine S\u00e4ule der multimodalen Tumortherapie. Neue Technologien, neue Bestrahlungstechniken (Protonen, Ionen) und die bereits etablierte 3-D-Planung erm\u00f6glichen bereits heute gezieltere Bestrahlungen als noch vor wenigen Jahren. Robotik made in Germany und andere Technologien sind bereits\u00a0 heute f\u00fchrend bei der Unterst\u00fctzung einer optimalen Positionierung und Fixierung der Patienten im Strahlenfeld. Zuk\u00fcnftig werden intelligente Systeme auch bewegten Tumoren (z.B. in einer atmenden Lunge) so folgen k\u00f6nnen, dass nur der Tumor und wenig umgebendes Gewebe bestrahlt wird.<\/p>\n<p>&nbsp;<\/p>\n<p>Radiochirurgie d\u00fcrfte f\u00fcr einige Patienten eine Alterative zur herk\u00f6mmlichen Chirurgie bieten.<\/p>\n<p>&nbsp;<\/p>\n<p>Nicht vergessen werden sollte, dass die Multimorbidit\u00e4t der alternden Bev\u00f6lkerung neue Therapiealgorithmen und \u2013optionen notwendig macht und auch neue Anforderungen an die Hersteller von Medizintechnik stellen wird. So sollte es schon heute Standard sein, dass die Hersteller von Herzschrittmachern auch deren Sicherheit im Rahmen einer Strahlentherapie untersuchen. Durch den demographischen Wandel werden weitere Herausforderungen auf die Therapeuten und Hersteller zukommen. Daf\u00fcr gilt es fr\u00fchzeitig ger\u00fcstet zu sein.<\/p>\n<p>&nbsp;<\/p>\n<p>Am Sonntag, den 12. Mai, sind Patienten und interessierte Laien zu der Veranstaltung mit dem Titel \u201eStrahlen f\u00fcr das Leben\u201c \u00a0herzliche eingeladen.<\/p>\n<p>&nbsp;<\/p>\n<p>&nbsp;<\/p>\n<p>&nbsp;<\/p>\n","protected":false},"excerpt":{"rendered":"<p>&nbsp; &nbsp; &nbsp; &nbsp; 19. Tagung der Deutschen Gesellschaft f\u00fcr Radioonkologie (DEGRO)-\u00a0 Radioonkologie im Wandel &nbsp; Berlin, den 12. Mai 2013 &nbsp; Um heute die Therapien der Zukunft zu diskutieren, [&hellip;]<\/p>\n","protected":false},"author":1,"featured_media":0,"comment_status":"open","ping_status":"open","sticky":false,"template":"","format":"standard","meta":{"_jetpack_memberships_contains_paid_content":false,"footnotes":""},"categories":[1],"tags":[],"class_list":["post-11","post","type-post","status-publish","format-standard","hentry","category-uncategorized","post-preview"],"jetpack_featured_media_url":"","jetpack_sharing_enabled":true,"_links":{"self":[{"href":"https:\/\/blog.oncology-expert.de\/index.php?rest_route=\/wp\/v2\/posts\/11","targetHints":{"allow":["GET"]}}],"collection":[{"href":"https:\/\/blog.oncology-expert.de\/index.php?rest_route=\/wp\/v2\/posts"}],"about":[{"href":"https:\/\/blog.oncology-expert.de\/index.php?rest_route=\/wp\/v2\/types\/post"}],"author":[{"embeddable":true,"href":"https:\/\/blog.oncology-expert.de\/index.php?rest_route=\/wp\/v2\/users\/1"}],"replies":[{"embeddable":true,"href":"https:\/\/blog.oncology-expert.de\/index.php?rest_route=%2Fwp%2Fv2%2Fcomments&post=11"}],"version-history":[{"count":8,"href":"https:\/\/blog.oncology-expert.de\/index.php?rest_route=\/wp\/v2\/posts\/11\/revisions"}],"predecessor-version":[{"id":15,"href":"https:\/\/blog.oncology-expert.de\/index.php?rest_route=\/wp\/v2\/posts\/11\/revisions\/15"}],"wp:attachment":[{"href":"https:\/\/blog.oncology-expert.de\/index.php?rest_route=%2Fwp%2Fv2%2Fmedia&parent=11"}],"wp:term":[{"taxonomy":"category","embeddable":true,"href":"https:\/\/blog.oncology-expert.de\/index.php?rest_route=%2Fwp%2Fv2%2Fcategories&post=11"},{"taxonomy":"post_tag","embeddable":true,"href":"https:\/\/blog.oncology-expert.de\/index.php?rest_route=%2Fwp%2Fv2%2Ftags&post=11"}],"curies":[{"name":"wp","href":"https:\/\/api.w.org\/{rel}","templated":true}]}}